{"id":1490,"date":"2014-01-14T21:13:33","date_gmt":"2014-01-14T20:13:33","guid":{"rendered":"http:\/\/www.coursedestaleines.ch\/a\/?p=1490"},"modified":"2018-10-03T21:38:28","modified_gmt":"2018-10-03T20:38:28","slug":"precedentes-editions","status":"publish","type":"post","link":"https:\/\/www.coursedestaleines.ch\/a\/precedentes-editions\/","title":{"rendered":"Pr\u00e9c\u00e9dentes \u00e9ditions"},"content":{"rendered":"<p><!--more-->D\u00e9couvrez les photos des pr\u00e9c\u00e9dentes \u00e9ditions :<\/p>\n<p><a href=\"http:\/\/www.coursedestaleines.ch\/a\/wp-content\/uploads\/2014\/02\/DSC_0128.jpg\"><img loading=\"lazy\" decoding=\"async\" class=\"alignleft wp-image-1017 size-large\" src=\"http:\/\/www.coursedestaleines.ch\/a\/wp-content\/uploads\/2014\/02\/DSC_0128-1024x680.jpg\" alt=\"DSC_0128\" width=\"660\" height=\"438\" srcset=\"https:\/\/www.coursedestaleines.ch\/a\/wp-content\/uploads\/2014\/02\/DSC_0128-1024x680.jpg 1024w, https:\/\/www.coursedestaleines.ch\/a\/wp-content\/uploads\/2014\/02\/DSC_0128-300x199.jpg 300w, https:\/\/www.coursedestaleines.ch\/a\/wp-content\/uploads\/2014\/02\/DSC_0128-700x465.jpg 700w, https:\/\/www.coursedestaleines.ch\/a\/wp-content\/uploads\/2014\/02\/DSC_0128-332x220.jpg 332w, https:\/\/www.coursedestaleines.ch\/a\/wp-content\/uploads\/2014\/02\/DSC_0128.jpg 1504w\" sizes=\"auto, (max-width: 660px) 100vw, 660px\" \/><\/a><\/p>\n<p>&nbsp;<\/p>\n<p><a href=\"http:\/\/www.coursedestaleines.ch\/Photo%20cross%20Vulliens%202008\/\" target=\"_blank\" rel=\"noopener\">Photos course 2008<\/a><\/p>\n<p><a href=\"http:\/\/www.coursedestaleines.ch\/Photo%20cross%20Vulliens%202009%20(courses%20du%20matin)\/\" target=\"_blank\" rel=\"noopener\">Photos course 2009 (Matin)<\/a><\/p>\n<p><a href=\"http:\/\/www.coursedestaleines.ch\/Photo%20cross%20Vulliens%20(Courses%20apr%C3%A8s-midi)\/\" target=\"_blank\" rel=\"noopener\">Photos course 2009 (Apr\u00e8s-midi)<\/a><\/p>\n<p><a href=\"http:\/\/www.coursedestaleines.ch\/Photo%20cross%20Vulliens%20(Divers)\/\" target=\"_blank\" rel=\"noopener\">Photos course 2009 (Divers)<\/a><\/p>\n<p><a href=\"http:\/\/www.coursedestaleines.ch\/Photo%20cross%20Vulliens%202010\/\" target=\"_blank\" rel=\"noopener\">Photos course 2010<\/a><\/p>\n<p><a href=\"http:\/\/www.coursedestaleines.ch\/Photo%20cross%20Vulliens%202011\/imgcol\/index.htm\" target=\"_blank\" rel=\"noopener\">Photos course 2011<\/a><\/p>\n<p><a href=\"http:\/\/www.coursedestaleines.ch\/Photo%20cross%20Vulliens%202012\/imgcol\/index.htm\" target=\"_blank\" rel=\"noopener\">Photos course 2012<\/a><\/p>\n","protected":false},"excerpt":{"rendered":"","protected":false},"author":1,"featured_media":909,"comment_status":"closed","ping_status":"closed","sticky":false,"template":"","format":"standard","meta":{"footnotes":""},"categories":[5],"tags":[],"class_list":["post-1490","post","type-post","status-publish","format-standard","has-post-thumbnail","hentry","category-photos","column","threecol","has-thumbnail"],"_links":{"self":[{"href":"https:\/\/www.coursedestaleines.ch\/a\/wp-json\/wp\/v2\/posts\/1490","targetHints":{"allow":["GET"]}}],"collection":[{"href":"https:\/\/www.coursedestaleines.ch\/a\/wp-json\/wp\/v2\/posts"}],"about":[{"href":"https:\/\/www.coursedestaleines.ch\/a\/wp-json\/wp\/v2\/types\/post"}],"author":[{"embeddable":true,"href":"https:\/\/www.coursedestaleines.ch\/a\/wp-json\/wp\/v2\/users\/1"}],"replies":[{"embeddable":true,"href":"https:\/\/www.coursedestaleines.ch\/a\/wp-json\/wp\/v2\/comments?post=1490"}],"version-history":[{"count":12,"href":"https:\/\/www.coursedestaleines.ch\/a\/wp-json\/wp\/v2\/posts\/1490\/revisions"}],"predecessor-version":[{"id":5201,"href":"https:\/\/www.coursedestaleines.ch\/a\/wp-json\/wp\/v2\/posts\/1490\/revisions\/5201"}],"wp:featuredmedia":[{"embeddable":true,"href":"https:\/\/www.coursedestaleines.ch\/a\/wp-json\/wp\/v2\/media\/909"}],"wp:attachment":[{"href":"https:\/\/www.coursedestaleines.ch\/a\/wp-json\/wp\/v2\/media?parent=1490"}],"wp:term":[{"taxonomy":"category","embeddable":true,"href":"https:\/\/www.coursedestaleines.ch\/a\/wp-json\/wp\/v2\/categories?post=1490"},{"taxonomy":"post_tag","embeddable":true,"href":"https:\/\/www.coursedestaleines.ch\/a\/wp-json\/wp\/v2\/tags?post=1490"}],"curies":[{"name":"wp","href":"https:\/\/api.w.org\/{rel}","templated":true}]}}